{"id":1152,"date":"2023-12-06T21:45:19","date_gmt":"2023-12-06T21:45:19","guid":{"rendered":"https:\/\/svsempach.ch\/?p=1152"},"modified":"2023-12-06T21:45:19","modified_gmt":"2023-12-06T21:45:19","slug":"32-generalversammlung-2023","status":"publish","type":"post","link":"https:\/\/svsempach.ch\/?p=1152","title":{"rendered":"32. Generalversammlung 2023"},"content":{"rendered":"\n<p>Am 24. November durfte die Pr\u00e4sidentin Ir\u00e8ne Felder 56 Teilnehmerinnen zur Generalversammlung begr\u00fcssen. Nach einem leckeren Essen, das das K\u00fcchenteam des Meierh\u00f6fli auf die von der Fit-Stretch Riege festlich dekorierten Tische gezaubert hatte, stand einer reibungslosen Durchf\u00fchrung nichts im Wege. Als besonderer Gast weilte Sabrina Karli, Pr\u00e4sidentin der Sportunion Zentralschweiz, unter den Sempacher Turnerinnen.<\/p>\n\n\n\n<p>Vor dem Start in den gesch\u00e4ftlichen Teil gedachte man in stillem Gebet des Ehrenmitglieds Rita Arnold-Hunger. Rita hat den SV Sempach massgeblich mitgepr\u00e4gt und ist am 09.10. gestorben.<\/p>\n\n\n\n<p>Die Pr\u00e4sidentin bedankte sich beim Vorstandsteam f\u00fcr die gute Zusammenarbeit. Besondere Aufgaben, wie das F\u00fchren der Chronik, die Durchf\u00fchrung des 2-t\u00e4gigen Vereinsanlasses, die immer aktuelle Homepage, die Betreuung der Veteraninnen, die unglaublich schnell verfassten Protokolle, die zuverl\u00e4ssige F\u00fchrung der Finanzgesch\u00e4fte, der Einsatz der Fahnenfrauen wurden mit grossem Applaus verdankt. Alle technischen Leiterinnen und die Spartenchefinnen freuten sich \u00fcber die Anerkennung. F\u00fcr die abwechslungsreiche Durchf\u00fchrung des Sportbetriebs, sowohl bei den Frauen als auch bei den Kindern und die Organisation der Riegen ist man ihnen sehr dankbar. In den Genuss eines kleinen Geschenks kamen 12 Frauen f\u00fcr ihre jahrzehntelange Vereinstreue und 8 Mitglieder, die spezielle Funktionen aus\u00fcben. Einsame Spitze im Bereich Trainingsbesuch war Josy Kl\u00f6ti.<\/p>\n\n\n\n<p>Der SV ist sehr froh dar\u00fcber, dass man mit Jana Arnet und Angela Ruckli zwei neue, sehr engagierte Frauen f\u00fcr die F\u00fchrung des Kids Ger\u00e4te gefunden hat. Evelyn Grunder leitet neu das Pilates. Die drei Vorturnerinnen wurden durch kr\u00e4ftigen Applaus gew\u00e4hlt. Sie sind im Team herzlich willkommen.<\/p>\n\n\n\n<p>Ohne die Kassiererin Priska Meier w\u00e4re die Organisation des SV nicht m\u00f6glich. Sie f\u00fchrt die Gesch\u00e4fte kompetent und verstand es auch an der Sitzung, Budget und Bilanzen auch f\u00fcr Laien verst\u00e4ndlich zu erkl\u00e4ren.<\/p>\n\n\n\n<p>Der gesamte Vorstand wurde f\u00fcr die n\u00e4chsten 2 Jahre best\u00e4tigt.<\/p>\n\n\n\n<p>Die Mitglieder d\u00fcrfen sich auf das kommende Vereinsjahr freuen. Sie werden weiterhin zu sportlichen H\u00f6chstleistungen gef\u00fchrt, d\u00fcrfen aber auch auf gesellschaftliche Ereignissse, wie den Skitag oder den Jahresauflug gespannt sein.<\/p>\n\n\n\n<p>Ir\u00e8ne Felder verstand es auch dieses Jahr wieder die Versammlung mit Kompetenz und Ruhe zu leiten. Ihre Empathie und Hilfsbereitschaft wissen alle Mitglieder zu sch\u00e4tzen.<\/p>\n","protected":false},"excerpt":{"rendered":"<p>Am 24. November durfte die Pr\u00e4sidentin Ir\u00e8ne Felder 56 Teilnehmerinnen zur Generalversammlung begr\u00fcssen. Nach einem leckeren Essen, das das K\u00fcchenteam des Meierh\u00f6fli auf die von der Fit-Stretch Riege festlich dekorierten Tische gezaubert hatte, stand einer reibungslosen Durchf\u00fchrung nichts im Wege. Als besonderer Gast weilte Sabrina Karli, Pr\u00e4sidentin der Sportunion Zentralschweiz, unter den Sempacher Turnerinnen. Vor &hellip; <\/p>\n<p class=\"link-more\"><a href=\"https:\/\/svsempach.ch\/?p=1152\" class=\"more-link\"><span class=\"screen-reader-text\">\u201e32. Generalversammlung 2023\u201c <\/span>weiterlesen<\/a><\/p>\n","protected":false},"author":1,"featured_media":0,"comment_status":"open","ping_status":"open","sticky":false,"template":"","format":"standard","meta":{"ngg_post_thumbnail":0,"footnotes":""},"categories":[3],"tags":[],"class_list":["post-1152","post","type-post","status-publish","format-standard","hentry","category-berichte"],"_links":{"self":[{"href":"https:\/\/svsempach.ch\/index.php?rest_route=\/wp\/v2\/posts\/1152","targetHints":{"allow":["GET"]}}],"collection":[{"href":"https:\/\/svsempach.ch\/index.php?rest_route=\/wp\/v2\/posts"}],"about":[{"href":"https:\/\/svsempach.ch\/index.php?rest_route=\/wp\/v2\/types\/post"}],"author":[{"embeddable":true,"href":"https:\/\/svsempach.ch\/index.php?rest_route=\/wp\/v2\/users\/1"}],"replies":[{"embeddable":true,"href":"https:\/\/svsempach.ch\/index.php?rest_route=%2Fwp%2Fv2%2Fcomments&post=1152"}],"version-history":[{"count":1,"href":"https:\/\/svsempach.ch\/index.php?rest_route=\/wp\/v2\/posts\/1152\/revisions"}],"predecessor-version":[{"id":1153,"href":"https:\/\/svsempach.ch\/index.php?rest_route=\/wp\/v2\/posts\/1152\/revisions\/1153"}],"wp:attachment":[{"href":"https:\/\/svsempach.ch\/index.php?rest_route=%2Fwp%2Fv2%2Fmedia&parent=1152"}],"wp:term":[{"taxonomy":"category","embeddable":true,"href":"https:\/\/svsempach.ch\/index.php?rest_route=%2Fwp%2Fv2%2Fcategories&post=1152"},{"taxonomy":"post_tag","embeddable":true,"href":"https:\/\/svsempach.ch\/index.php?rest_route=%2Fwp%2Fv2%2Ftags&post=1152"}],"curies":[{"name":"wp","href":"https:\/\/api.w.org\/{rel}","templated":true}]}}